{"id":750,"date":"2021-12-07T19:23:30","date_gmt":"2021-12-07T18:23:30","guid":{"rendered":"https:\/\/www.finblog.cz.triton.blueboard.cz\/?p=750"},"modified":"2024-05-14T14:02:39","modified_gmt":"2024-05-14T12:02:39","slug":"vydaje-britskych-spotrebitelu-se-v-listopadu-zvysily","status":"publish","type":"post","link":"https:\/\/finblog.cz\/?p=750","title":{"rendered":"V\u00fddaje britsk\u00fdch spot\u0159ebitel\u016f se v listopadu zv\u00fd\u0161ily"},"content":{"rendered":"\n<p class=\"wp-block-paragraph\">V\u00fddaje britsk\u00fdch spot\u0159ebitel\u016f se v listopadu zv\u00fd\u0161ily. P\u0159isp\u011bl k tomu d\u0159\u00edv\u011bj\u0161\u00ed za\u010d\u00e1tek v\u00e1no\u010dn\u00edch n\u00e1kup\u016f ne\u017e obvykle i o\u017eiven\u00ed v\u00fddaj\u016f v pubech a restaurac\u00edch p\u0159ed zpr\u00e1vami o omikron variant\u011b nov\u00e9ho koronaviru. Uk\u00e1zal to v \u00fater\u00fd pr\u016fzkum britsk\u00e9ho konsorcia maloobchodn\u00edk\u016f (British Retail Consortium, BRC).<\/p>\n\n\n\n<p class=\"wp-block-paragraph\">BRC, kter\u00e9 zastupuje velk\u00e9 maloobchodn\u00ed prodejce, uvedlo, \u017ee celkov\u00e9 tr\u017eby v listopadu 2021 byly o 5 % vy\u0161\u0161\u00ed ne\u017e v p\u0159edchoz\u00edm roce. To je nejv\u011bt\u0161\u00ed meziro\u010dn\u00ed r\u016fst od \u010dervence a citeln\u00e9 zrychlen\u00ed z \u0159\u00edjnov\u00e9mu n\u00e1r\u016fstu o 1,3 %.<\/p>\n\n\n\n<p class=\"wp-block-paragraph\">Separ\u00e1tn\u00ed \u00fadaje poskytovatele kreditn\u00edch a debetn\u00edch karet Barclaycard uk\u00e1zaly, \u017ee spot\u0159ebitelsk\u00e9 v\u00fddaje, kter\u00e9 zahrnuj\u00ed polo\u017eky od stravov\u00e1n\u00ed, cestov\u00e1n\u00ed a\u017e po nakupov\u00e1n\u00ed, byly minul\u00fd m\u011bs\u00edc o 16 % vy\u0161\u0161\u00ed ne\u017e v listopadu 2019, tedy p\u0159ed pandemi\u00ed nov\u00e9ho koronaviru.<\/p>\n\n\n\n<p class=\"wp-block-paragraph\">Spot\u0159ebitelsk\u00e1 popt\u00e1vka v Brit\u00e1nii byla i b\u011bhem pandemie pom\u011brn\u011b odoln\u00e1, proto\u017ee p\u0159\u00edjmy dom\u00e1cnost\u00ed podpo\u0159ily vl\u00e1dn\u00ed opat\u0159en\u00ed. V r\u00e1mci sektor\u016f v\u0161ak do\u0161lo k v\u00fdrazn\u00fdm posun\u016fm \u2013 velk\u00e1 \u010d\u00e1st maloobchodn\u00edch v\u00fddaj\u016f se p\u0159esunula do online prostoru, a to se zm\u011bnilo jen \u010d\u00e1ste\u010dn\u011b, kdy\u017e se obchody znovu otev\u0159ely.<\/p>\n\n\n\n<p class=\"wp-block-paragraph\">Cestov\u00e1n\u00ed z\u016fst\u00e1v\u00e1 v depresi, p\u0159i\u010dem\u017e v\u00fddaje na letenky jsou 22,1 % pod \u00farovn\u00ed p\u0159ed dv\u011bma lety.<\/p>\n\n\n\n<p class=\"wp-block-paragraph\">V\u00fddaje na restaurace klesly o 4,3 % ve srovn\u00e1n\u00ed s listopadem 2019. Tempo jejich poklesu se v\u0161ak zpomalilo z \u0159\u00edjnov\u00fdch 8,3 %, uk\u00e1zaly \u00fadaje Barclaycard.<\/p>\n\n\n\n<p class=\"wp-block-paragraph\">Celkov\u00e9 tzn. nepodstatn\u00e9 v\u00fddaje rostly v listopadu 2021 nejrychlej\u0161\u00edm tempem od za\u010d\u00e1tku pandemie, a byly o 17,7 % vy\u0161\u0161\u00ed ne\u017e p\u0159ed dv\u011bma lety.<\/p>\n\n\n\n<p class=\"wp-block-paragraph\">Ekonomov\u00e9 v\u0161ak p\u0159edpov\u00eddaj\u00ed, \u017ee disponibiln\u00ed p\u0159\u00edjem dom\u00e1cnost\u00ed bude v nadch\u00e1zej\u00edc\u00edch m\u011bs\u00edc\u00edch st\u00e1le v\u00edce ma\u010dkat stoupaj\u00edc\u00ed inflace. A z\u00e1rove\u0148 od dubna 2022 se zv\u00fd\u0161\u00ed dan\u011b z mezd, co\u017e zkomplikuje situaci Bank of England, kter\u00e1 m\u00e1 p\u0159\u00ed\u0161t\u00ed t\u00fdden zv\u00e1\u017eit zv\u00fd\u0161en\u00ed \u00farokov\u00fdch sazeb.<\/p>\n\n\n\n<p class=\"wp-block-paragraph\">\u0158editelka BRC Helen Dickinsonov\u00e1 uvedla, \u017ee listopadov\u00e9 zv\u00fd\u0161en\u00ed v\u00fddaj\u016f \u010d\u00e1ste\u010dn\u011b odr\u00e1\u017eelo v\u00fdprodeje na tzv. bronzov\u00e9. \u010dern\u00fd p\u00e1tek (posledn\u00ed p\u00e1tek v listopadu), p\u0159i\u010dem\u017e tentokr\u00e1t za\u010daly d\u0159\u00edve ne\u017e v p\u0159edchoz\u00edch letech.<\/p>\n\n\n\n<p class=\"wp-block-paragraph\">\u201eKdy\u017e si lid\u00e9 tuto zimu p\u0159ipravovali \u0161atn\u00edky na chladn\u00e9 po\u010das\u00ed, spot\u0159ebitel\u00e9 vyu\u017eili i zlevn\u011bn\u00e9 oble\u010den\u00ed,\u201c konstatovala a dodala, \u017ee se tak p\u0159esunulo t\u011b\u017ei\u0161t\u011b v\u00fdprodej\u016f na \u010dern\u00fd p\u00e1tek, kter\u00e9 se v minulosti soust\u0159e\u010fovalo zejm\u00e9na na elektroniku a dom\u00e1c\u00ed spot\u0159ebi\u010de.<\/p>\n\n\n\n<p class=\"wp-block-paragraph\">Takzvan\u00e9 srovnateln\u00e9 tr\u017eby v obchodech otev\u0159en\u00fdch v\u00edce ne\u017e rok byly v listopadu o 1,8 % vy\u0161\u0161\u00ed ne\u017e loni, co\u017e byl lep\u0161\u00ed v\u00fdsledek ne\u017e jejich pokles o 0,2 % v \u0159\u00edjnu.<\/p>\n\n\n\n<div class=\"wp-block-image\"><figure class=\"aligncenter size-full\"><img decoding=\"async\" src=\"https:\/\/www.finblog.cz.triton.blueboard.cz\/wp-content\/uploads\/2021\/12\/pexels-photo-372470.jpeg\" alt=\"\" class=\"wp-image-752\"\/><\/figure><\/div>\n\n\n\n<p class=\"wp-block-paragraph\">\u010cty\u0159i z 10 dot\u00e1zan\u00fdch spot\u0159ebitel\u016f uvedli, \u017ee za\u010dali s v\u00e1no\u010dn\u00edmi n\u00e1kupy d\u0159\u00edve ne\u017e v minulosti, uvedla spole\u010dnost Barclaycard.<\/p>\n\n\n\n<p class=\"wp-block-paragraph\">\u201eP\u0159\u00edchod v\u00e1no\u010dn\u00edch trh\u016f a sv\u011btel ve Spojen\u00e9m kr\u00e1lovstv\u00ed p\u0159inesl v listopadu do maloobchodn\u00edho, rekrea\u010dn\u00edho a pohostinsk\u00e9ho sektoru ur\u010ditou sv\u00e1te\u010dn\u00ed n\u00e1ladu, zat\u00edmco n\u00e1vrat tmav\u00fdch noc\u00ed a chladn\u00fdch ve\u010der\u016f zp\u016fsobil, \u017ee Britov\u00e9 utr\u00e1celi v\u00edce na dom\u00e1c\u00ed aktivity,\u201c \u0159ekl v\u00fdkonn\u00fd \u0159editel Barclaycard Jos\u00e9 Carvalho.<\/p>\n","protected":false},"excerpt":{"rendered":"<p>V\u00fddaje britsk\u00fdch spot\u0159ebitel\u016f se v listopadu zv\u00fd\u0161ily. P\u0159isp\u011bl k tomu d\u0159\u00edv\u011bj\u0161\u00ed za\u010d\u00e1tek v\u00e1no\u010dn\u00edch n\u00e1kup\u016f ne\u017e obvykle i o\u017eiven\u00ed v\u00fddaj\u016f v pubech a restaurac\u00edch p\u0159ed zpr\u00e1vami o omikron variant\u011b nov\u00e9ho koronaviru. Uk\u00e1zal to v \u00fater\u00fd pr\u016fzkum britsk\u00e9ho konsorcia maloobchodn\u00edk\u016f (British Retail Consortium, BRC). BRC, kter\u00e9 zastupuje velk\u00e9 maloobchodn\u00ed prodejce, uvedlo, \u017ee celkov\u00e9 tr\u017eby v listopadu 2021 [&hellip;]<\/p>\n","protected":false},"author":2,"featured_media":912,"comment_status":"open","ping_status":"open","sticky":false,"template":"","format":"standard","meta":{"tdm_status":"","tdm_grid_status":"","footnotes":""},"categories":[6],"tags":[],"class_list":["post-750","post","type-post","status-publish","format-standard","has-post-thumbnail","category-penize"],"amp_enabled":false,"_links":{"self":[{"href":"https:\/\/finblog.cz\/index.php?rest_route=\/wp\/v2\/posts\/750","targetHints":{"allow":["GET"]}}],"collection":[{"href":"https:\/\/finblog.cz\/index.php?rest_route=\/wp\/v2\/posts"}],"about":[{"href":"https:\/\/finblog.cz\/index.php?rest_route=\/wp\/v2\/types\/post"}],"author":[{"embeddable":true,"href":"https:\/\/finblog.cz\/index.php?rest_route=\/wp\/v2\/users\/2"}],"replies":[{"embeddable":true,"href":"https:\/\/finblog.cz\/index.php?rest_route=%2Fwp%2Fv2%2Fcomments&post=750"}],"version-history":[{"count":1,"href":"https:\/\/finblog.cz\/index.php?rest_route=\/wp\/v2\/posts\/750\/revisions"}],"predecessor-version":[{"id":1054,"href":"https:\/\/finblog.cz\/index.php?rest_route=\/wp\/v2\/posts\/750\/revisions\/1054"}],"wp:featuredmedia":[{"embeddable":true,"href":"https:\/\/finblog.cz\/index.php?rest_route=\/wp\/v2\/media\/912"}],"wp:attachment":[{"href":"https:\/\/finblog.cz\/index.php?rest_route=%2Fwp%2Fv2%2Fmedia&parent=750"}],"wp:term":[{"taxonomy":"category","embeddable":true,"href":"https:\/\/finblog.cz\/index.php?rest_route=%2Fwp%2Fv2%2Fcategories&post=750"},{"taxonomy":"post_tag","embeddable":true,"href":"https:\/\/finblog.cz\/index.php?rest_route=%2Fwp%2Fv2%2Ftags&post=750"}],"curies":[{"name":"wp","href":"https:\/\/api.w.org\/{rel}","templated":true}]}}